{"id":451,"date":"2025-03-28T13:45:06","date_gmt":"2025-03-28T13:45:06","guid":{"rendered":"https:\/\/davz.hr\/wordpress\/?p=451"},"modified":"2025-03-29T10:41:16","modified_gmt":"2025-03-29T10:41:16","slug":"dani-arhitekata-9-0-otvorenje-izlozbe-arhitektura-sjeverne-hrvatske","status":"publish","type":"post","link":"https:\/\/davz.hr\/wordpress\/?p=451","title":{"rendered":"Dani arhitekata 9.0 &#8211; otvorenje izlo\u017ebe Arhitektura Sjeverne Hrvatske"},"content":{"rendered":"\n<p class=\"has-text-align-center\">Hrvatska komora arhitekata (HKA),<br>Udru\u017eenje hrvatskih arhitekata (UHA),<br>Dru\u0161tvo arhitekata Vara\u017edina (DAV) i<br>Udru\u017eenje arhitekata Me\u0111imurja (UAM)<\/p>\n\n\n\n<p class=\"has-text-align-center\">pozivaju na&nbsp;<\/p>\n\n\n\n<p class=\"has-text-align-center has-base-color has-accent-3-background-color has-text-color has-background has-link-color wp-elements-b6d737b20ce56f4778d2cd51de9675ff\"><strong>otvorenje izlo\u017ebe&nbsp;<\/strong>Arhitektura Sjeverne Hrvatske&nbsp;<strong>u srijedu,&nbsp;<\/strong><strong>2. travnja 2025.<\/strong>&nbsp;<strong>u 17:30 sati&nbsp;<\/strong><strong>u&nbsp;<\/strong><strong>vi\u0161enamjenskoj dvorani Gradske knji\u017enice u Klanjcu,&nbsp;<\/strong>Trg Antuna Mihanovi\u0107a 2, 49290, Klanjec.<\/p>\n\n\n\n<p>Nakon otvorenja odr\u017eat \u0107e se&nbsp;<em>Razgovor s arhitektima MVA \/Marin&nbsp;Mikeli\u0107&nbsp;i Tomislav Vre\u0161\/<\/em>&nbsp;kojeg \u0107e voditi&nbsp;<em>Daniela Trbovi\u0107<\/em>. Razgovor \u0107e se odr\u017eati u kino dvorani Ku\u0107e Klajn, preko puta knji\u017enice.<\/p>\n\n\n\n<p>Izlo\u017eba se odr\u017eava u sklopu ovogodi\u0161njih Dana arhitekata 9.0&nbsp;(<a href=\"https:\/\/dani.arhitekti-hka.hr\/o-danima\/\" target=\"_blank\" rel=\"noreferrer noopener\">https:\/\/dani.arhitekti-hka.hr\/o-danima\/<\/a>) i&nbsp;obuhva\u0107a selektirane projekte i realizacije arhitekture i urbanizma, studentske diplomske radove,&nbsp;te izdvojena ba\u0161tinska i arhitektonski afirmirana ostvarenja s podru\u010dja Vara\u017edinske, Me\u0111imurske, Krapinsko-Zagorske, Koprivni\u010dko-kri\u017eeva\u010dke i Bjelovarsko-bilogorske \u017eupanije. (<a href=\"https:\/\/davz.hr\/wordpress\/?p=375\">https:\/\/davz.hr\/wordpress\/?p=375<\/a>)<\/p>\n\n\n\n<p>Izlo\u017eba \u0107e se mo\u0107i pogledati u radnom vremenu Gradske knji\u017enice i \u010ditaonice \u201cAntun Mihanovi\u0107\u201d, Klanjec (<a href=\"https:\/\/www.klanjec.hr\/kultura\/gradska-knjiznica-i-citaonica-antun-mihanovic\/\">https:\/\/www.klanjec.hr\/kultura\/gradska-knjiznica-i-citaonica-antun-mihanovic\/<\/a>) do 12. travnja 2025.<\/p>\n\n\n\n<p>Ulaz na otvorenje izlo\u017ebe i razgovor je slobodan i otvoren za javnost. <\/p>\n","protected":false},"excerpt":{"rendered":"<p>Hrvatska komora arhitekata (HKA),Udru\u017eenje hrvatskih arhitekata (UHA),Dru\u0161tvo arhitekata Vara\u017edina (DAV) iUdru\u017eenje arhitekata Me\u0111imurja (UAM) pozivaju na&nbsp; otvorenje izlo\u017ebe&nbsp;Arhitektura Sjeverne Hrvatske&nbsp;u srijedu,&nbsp;2. travnja 2025.&nbsp;u 17:30 sati&nbsp;u&nbsp;vi\u0161enamjenskoj dvorani Gradske knji\u017enice u Klanjcu,&nbsp;Trg Antuna Mihanovi\u0107a 2, 49290, Klanjec. Nakon otvorenja odr\u017eat \u0107e se&nbsp;Razgovor s arhitektima MVA \/Marin&nbsp;Mikeli\u0107&nbsp;i Tomislav Vre\u0161\/&nbsp;kojeg \u0107e voditi&nbsp;Daniela Trbovi\u0107. Razgovor \u0107e se odr\u017eati u kino [&hellip;]<\/p>\n","protected":false},"author":1,"featured_media":452,"comment_status":"closed","ping_status":"","sticky":false,"template":"","format":"standard","meta":{"footnotes":""},"categories":[5,3],"tags":[],"class_list":["post-451","post","type-post","status-publish","format-standard","has-post-thumbnail","hentry","category-dogadjanja","category-novosti"],"_links":{"self":[{"href":"https:\/\/davz.hr\/wordpress\/index.php?rest_route=\/wp\/v2\/posts\/451","targetHints":{"allow":["GET"]}}],"collection":[{"href":"https:\/\/davz.hr\/wordpress\/index.php?rest_route=\/wp\/v2\/posts"}],"about":[{"href":"https:\/\/davz.hr\/wordpress\/index.php?rest_route=\/wp\/v2\/types\/post"}],"author":[{"embeddable":true,"href":"https:\/\/davz.hr\/wordpress\/index.php?rest_route=\/wp\/v2\/users\/1"}],"replies":[{"embeddable":true,"href":"https:\/\/davz.hr\/wordpress\/index.php?rest_route=%2Fwp%2Fv2%2Fcomments&post=451"}],"version-history":[{"count":7,"href":"https:\/\/davz.hr\/wordpress\/index.php?rest_route=\/wp\/v2\/posts\/451\/revisions"}],"predecessor-version":[{"id":464,"href":"https:\/\/davz.hr\/wordpress\/index.php?rest_route=\/wp\/v2\/posts\/451\/revisions\/464"}],"wp:featuredmedia":[{"embeddable":true,"href":"https:\/\/davz.hr\/wordpress\/index.php?rest_route=\/wp\/v2\/media\/452"}],"wp:attachment":[{"href":"https:\/\/davz.hr\/wordpress\/index.php?rest_route=%2Fwp%2Fv2%2Fmedia&parent=451"}],"wp:term":[{"taxonomy":"category","embeddable":true,"href":"https:\/\/davz.hr\/wordpress\/index.php?rest_route=%2Fwp%2Fv2%2Fcategories&post=451"},{"taxonomy":"post_tag","embeddable":true,"href":"https:\/\/davz.hr\/wordpress\/index.php?rest_route=%2Fwp%2Fv2%2Ftags&post=451"}],"curies":[{"name":"wp","href":"https:\/\/api.w.org\/{rel}","templated":true}]}}