{"id":489,"date":"2025-04-25T06:27:40","date_gmt":"2025-04-25T06:27:40","guid":{"rendered":"https:\/\/davz.hr\/wordpress\/?p=489"},"modified":"2025-04-28T14:49:54","modified_gmt":"2025-04-28T14:49:54","slug":"arhitektura-sjeverne-hrvatske-u-varazdinu","status":"publish","type":"post","link":"https:\/\/davz.hr\/wordpress\/?p=489","title":{"rendered":"&#8220;ARHITEKTURA SJEVERNE HRVATSKE&#8221; u Vara\u017edinu!"},"content":{"rendered":"\n<p class=\"has-text-align-center has-medium-font-size\"><a href=\"https:\/\/uha.hr\/otvorenje-izlozbe-arhitektura-sjeverne-hrvatske-fotogalerija\/\" data-type=\"link\" data-id=\"https:\/\/uha.hr\/otvorenje-izlozbe-arhitektura-sjeverne-hrvatske-fotogalerija\/\">Izlo\u017ebu&nbsp;&#8220;<strong>Arhitektura Sjeverne Hrvatske<\/strong>&#8220;, koja se u sklopu Dana arhitekata 9.0 odr\u017eala u Klanjcu<\/a>, <strong>selimo u Vara\u017edin!<\/strong><\/p>\n\n\n\n<p class=\"has-text-align-center has-medium-font-size\">Izlo\u017eba obuhva\u0107a selektirane projekte i realizacije arhitekture i urbanizma, studentske diplomske radove, te izdvojena ba\u0161tinska i arhitektonski afirmirana ostvarenja s podru\u010dja Vara\u017edinske, Me\u0111imurske, Krapinsko-Zagorske, Koprivni\u010dko-kri\u017eeva\u010dke i Bjelovarsko-bilogorske \u017eupanije.<\/p>\n\n\n\n<p class=\"has-text-align-center\">****<\/p>\n\n\n\n<h3 class=\"wp-block-heading has-text-align-center has-medium-font-size\">U \u017eelji da se ista omogu\u0107i za razgled i gra\u0111anima s podru\u010dja Vara\u017edina i okolice,<\/h3>\n\n\n\n<p class=\"has-text-align-center\">pozivamo&nbsp;Vas na otvorenje izlo\u017ebe<\/p>\n\n\n\n<p class=\"has-text-align-center has-contrast-color has-text-color has-link-color has-medium-font-size wp-elements-31166ca1ba1b57b8ef4f4b8c3479ff66\"><strong><u>u&nbsp;utorak, 29.4.2025. u 18:30 sati<\/u><\/strong><\/p>\n\n\n\n<p class=\"has-text-align-center has-accent-3-color has-text-color has-link-color has-medium-font-size wp-elements-1bd34f37754db3e394da79908c232d37\"><strong>u prostoru&nbsp;uz ulaz u&nbsp;Gradsku knji\u017enicu i \u010ditaonicu &#8220;Metel O\u017eegovi\u0107&#8221; Vara\u017edin,&nbsp;Franjeva\u010dki trg 4<\/strong><\/p>\n\n\n\n<p class=\"has-text-align-center has-medium-font-size\">****<\/p>\n\n\n\n<p class=\"has-text-align-center has-small-font-size\">Izlo\u017ebu \u201cArhitektura Sjeverne Hrvatske\u201d organiziralo je Dru\u0161tvo arhitekata Vara\u017edina (DAV) kao najve\u0107e udru\u017eenje arhitekata na podru\u010dju Sjeverne Hrvatske, na zamolbu Hrvatske komore arhitekata (HKA) i Udru\u017eenja<br>hrvatskih arhitekata (UHA), kao regionalnu izlo\u017ebu u sklopu programa ovogodi\u0161njeg skupa arhitekata s podru\u010dja \u010ditave Hrvatske &#8211; Dani arhitekata 9.0, koji su se ove godine odr\u017eali u Tuheljskim Toplicama 3.-5. travnja 2025. godine.<\/p>\n\n\n\n<p class=\"has-text-align-center has-small-font-size\">Izlo\u017eba u Vara\u017edinu \u0107e biti otvorena za razgledavanje u radnom vremenu knji\u017enice do 12.5.2025.<\/p>\n\n\n\n<p class=\"has-text-align-center has-small-font-size\">Veselimo se Va\u0161em dolasku!<\/p>\n","protected":false},"excerpt":{"rendered":"<p>Izlo\u017ebu&nbsp;&#8220;Arhitektura Sjeverne Hrvatske&#8220;, koja se u sklopu Dana arhitekata 9.0 odr\u017eala u Klanjcu, selimo u Vara\u017edin! Izlo\u017eba obuhva\u0107a selektirane projekte i realizacije arhitekture i urbanizma, studentske diplomske radove, te izdvojena ba\u0161tinska i arhitektonski afirmirana ostvarenja s podru\u010dja Vara\u017edinske, Me\u0111imurske, Krapinsko-Zagorske, Koprivni\u010dko-kri\u017eeva\u010dke i Bjelovarsko-bilogorske \u017eupanije. **** U \u017eelji da se ista omogu\u0107i za razgled i gra\u0111anima [&hellip;]<\/p>\n","protected":false},"author":1,"featured_media":514,"comment_status":"closed","ping_status":"","sticky":false,"template":"","format":"standard","meta":{"footnotes":""},"categories":[5,3],"tags":[23,11,12,10,22],"class_list":["post-489","post","type-post","status-publish","format-standard","has-post-thumbnail","hentry","category-dogadjanja","category-novosti","tag-arhitektura","tag-dav","tag-drustvo-arhitekata-varazdina","tag-izlozba","tag-varazdin"],"_links":{"self":[{"href":"https:\/\/davz.hr\/wordpress\/index.php?rest_route=\/wp\/v2\/posts\/489","targetHints":{"allow":["GET"]}}],"collection":[{"href":"https:\/\/davz.hr\/wordpress\/index.php?rest_route=\/wp\/v2\/posts"}],"about":[{"href":"https:\/\/davz.hr\/wordpress\/index.php?rest_route=\/wp\/v2\/types\/post"}],"author":[{"embeddable":true,"href":"https:\/\/davz.hr\/wordpress\/index.php?rest_route=\/wp\/v2\/users\/1"}],"replies":[{"embeddable":true,"href":"https:\/\/davz.hr\/wordpress\/index.php?rest_route=%2Fwp%2Fv2%2Fcomments&post=489"}],"version-history":[{"count":13,"href":"https:\/\/davz.hr\/wordpress\/index.php?rest_route=\/wp\/v2\/posts\/489\/revisions"}],"predecessor-version":[{"id":509,"href":"https:\/\/davz.hr\/wordpress\/index.php?rest_route=\/wp\/v2\/posts\/489\/revisions\/509"}],"wp:featuredmedia":[{"embeddable":true,"href":"https:\/\/davz.hr\/wordpress\/index.php?rest_route=\/wp\/v2\/media\/514"}],"wp:attachment":[{"href":"https:\/\/davz.hr\/wordpress\/index.php?rest_route=%2Fwp%2Fv2%2Fmedia&parent=489"}],"wp:term":[{"taxonomy":"category","embeddable":true,"href":"https:\/\/davz.hr\/wordpress\/index.php?rest_route=%2Fwp%2Fv2%2Fcategories&post=489"},{"taxonomy":"post_tag","embeddable":true,"href":"https:\/\/davz.hr\/wordpress\/index.php?rest_route=%2Fwp%2Fv2%2Ftags&post=489"}],"curies":[{"name":"wp","href":"https:\/\/api.w.org\/{rel}","templated":true}]}}