{"id":516,"date":"2025-04-30T19:04:36","date_gmt":"2025-04-30T19:04:36","guid":{"rendered":"https:\/\/davz.hr\/wordpress\/?p=516"},"modified":"2025-05-01T08:49:20","modified_gmt":"2025-05-01T08:49:20","slug":"urbanisticko-krajobrazno-arhitektonski-i-likovni-natjecaj-uredenje-dijelova-dravske-park-sume-u-varazdinu-objava-rezultata-natjecaja","status":"publish","type":"post","link":"https:\/\/davz.hr\/wordpress\/?p=516","title":{"rendered":"Urbanisti\u010dko \u2013 krajobrazno \u2013 arhitektonski i likovni natje\u010daj: URE\u0110ENJE DIJELOVA DRAVSKE PARK \u0160UME U VARA\u017dDINU; objava rezultata natje\u010daja"},"content":{"rendered":"\n<p><strong>GRAD VARA\u017dDIN<\/strong><\/p>\n\n\n\n<p>I<\/p>\n\n\n\n<p><a><\/a><strong>DRU\u0160TVO ARHITEKATA VARA\u017dDINA<\/strong><\/p>\n\n\n\n<p>objavljuju rezultate za<strong> <\/strong>javni, op\u0107i, u jednom stupnju, anonimni, drugog stupnja slo\u017eenosti za realizaciju i anketni URBANISTI\u010cKO &#8211; KRAJOBRAZNO \u2013 ARHITEKTONSKI i LIKOVNI NATJE\u010cAJ za izradu idejnog rje\u0161enja<\/p>\n\n\n\n<p>&nbsp;<strong>URE\u0110ENJE DIJELOVA DRAVSKE PARK \u0160UME U VARA\u017dDINU<\/strong><\/p>\n\n\n\n<p>CPV: 71200000-0 &#8211; arhitektonske i srodne usluge<\/p>\n\n\n\n<p>Oznaka iz Plana nabave raspisiva\u010da natje\u010daja: 203-25\/MV<\/p>\n\n\n\n<p>Registarski broj natje\u010daja Hrvatske komore arhitekata: 165-24\/V\u017d-UKAL\/NJN<\/p>\n\n\n\n<p><strong>RASPISIVA\u010c I INVESTITOR:<\/strong><\/p>\n\n\n\n<p>Grad Vara\u017edin, Trg kralja Tomislava 1, 42000 Vara\u017edin, OIB: 13269011531, Internetska adresa: <a href=\"about:blank\">&nbsp;<\/a><a href=\"about:blank\">www.vara\u017edin.hr <\/a>; telefon: +38542402-502; email: <a href=\"mailto:varazdin@varazdin.hr\">varazdin@varazdin.hr<\/a> ; kojeg zastupa gradona\u010delnik Grada Vara\u017edina&nbsp; Neven Bosilj<\/p>\n\n\n\n<p><\/p>\n\n\n\n<p><strong>PROVODITELJ:<\/strong><\/p>\n\n\n\n<p>Dru\u0161tvo arhitekata Vara\u017edina (DAV)<em>, <\/em>Optujska 99, 42000 Vara\u017edin&nbsp; OIB: 97116871661, Internetska adresa: <a href=\"http:\/\/www.uha.hr\/\">http:\/\/<\/a><a href=\"http:\/\/www.uha.hr\/\"> <\/a><a href=\"http:\/\/www.davz.hr\/\">www.davz.hr<\/a>, koje zastupa predsjednica Janja Ivanec, dipl.ing.arh., telefon: +385981842728, e-mail adresa: <a href=\"mailto:arhitekt.vz@gmail.com\">arhitekt.vz@gmail.com<\/a><\/p>\n\n\n\n<p><strong>IZRA\u0110IVA\u010cA PROGRAMA NATJE\u010cAJA:<\/strong><\/p>\n\n\n\n<p>Maja Kireta, dipl.ing.arh., ovla\u0161tena arhitektica A3310<\/p>\n\n\n\n<p><strong>VRSTA, STUPANJ SLO\u017dENOSTI I STUPANJ PROVEDBE NATJE\u010cAJA<\/strong><\/p>\n\n\n\n<p>otvoreni, javni, op\u0107i, u jednom stupnju, anonimni, prvog stupnja slo\u017eenosti za realizaciju i anketni URBANISTI\u010cKO &#8211; KRAJOBRAZNO \u2013 ARHITEKTONSKI i LIKOVNI NATJE\u010cAJ za izradu idejnog rje\u0161enja&nbsp; <strong>URE\u0110ENJE DIJELOVA DRAVSKE PARK \u0160UME U VARA\u017dDINU<\/strong><\/p>\n\n\n\n<p><strong>PREDMET I SVRHA NATJE\u010cAJA:<\/strong><\/p>\n\n\n\n<p>Predmet natje\u010daja je idejno rje\u0161enje ure\u0111enja dijelova Dravske park \u0161ume u Vara\u017edinu. U sklopu projekta InterACT Green, Grad Vara\u017edin \u0107e urediti dijelove Dravske park \u0161ume temeljem urbanisti\u010dko-krajobrazno-arhitektonskog i likovnog natje\u010daja kako bi se osiguralo najbolje rje\u0161enje ovog kompleksnog prostora. U natje\u010daju se obra\u0111uju tri prostorne cjeline Dravske park \u0161ume: <\/p>\n\n\n\n<p>1: rije\u010dna riva <\/p>\n\n\n\n<p>2: \u0161umske staze i placevi<\/p>\n\n\n\n<p> 3: dravska \u0161pica<\/p>\n\n\n\n<p>Ukupna investicija iznosi 2.180.000,00+PDV. <\/p>\n\n\n\n<p>Natje\u010daj je podijeljen u dio za realizaciju i anketni dio. Ukupna povr\u0161ina zahvata dijela za realizaciju iznosi 33934m2, a anketnog dijela P=14482m2. Od sudionika u natje\u010daju o\u010dekivao se inovativni i suvremeni interdisciplinarni pristup u sagledavanju prostora Dravske park \u0161ume kao produ\u017eenog javnog prostora grada Vara\u017edina kroz: dugoro\u010dno odr\u017eivo arhitektonsko-urbanisti\u010dko i krajobrazno rje\u0161enje, oblikovanje specifi\u010dno prilago\u0111ene urbane\/\u0161umske opreme, doprinos u ure\u0111enje javnog prostora integracijom autenti\u010dnih umjetni\u010dkih, prostornih i grafi\u010dkih intervencija u cjelovito natje\u010dajno&nbsp; rje\u0161enje.<\/p>\n\n\n\n<p>Krajnji cilj natje\u010daja je bio omogu\u0107iti pronala\u017eenje najboljeg rje\u0161enja izme\u0111u vi\u0161e razli\u010ditih prijedloga, prema kriterijima ocjenjivanja propisanim uvjetima natje\u010daja.<\/p>\n\n\n\n<p><strong>OCJENJIVA\u010cKI SUD<\/strong> je djelovao u sastavu:<\/p>\n\n\n\n<p>\u010clanovi Ocjenjiva\u010dkog suda (OS):<\/p>\n\n\n\n<p>1. Roman \u0160ilje, ovla\u0161teni arhitekt, predsjednik OS<\/p>\n\n\n\n<p>2. Sla\u0111ana Mio\u010di\u0107, dipl.ing.arh., pro\u010delnica UO za gospodarske djelatnosti Grada Vara\u017edina<\/p>\n\n\n\n<p>3. Miroslav Markovi\u0107, zamjenik gradona\u010delnika Grada Vara\u017edina<\/p>\n\n\n\n<p>4. Ivana Antolovi\u0107 Smoljan, mag.ing.prosp.arch.<\/p>\n\n\n\n<p>5. Marko Cvjetko, ovla\u0161teni arhitekt, zamjenik predsjednika OS<\/p>\n\n\n\n<p>6. Bo\u017eica Dea Matasi\u0107, mag.art.<\/p>\n\n\n\n<p>7. Mario Kralj, mag.ing.arch.<\/p>\n\n\n\n<p>Zamjenica \u010dlanova OS -a:<\/p>\n\n\n\n<p>1. Dora Gorenak, mag.ing.arch.<\/p>\n\n\n\n<p>2. Ana Lisonek, MSc. Arch.<\/p>\n\n\n\n<p>Tehni\u010dka komisija:<\/p>\n\n\n\n<p>1. Janja Ivanec, ovla\u0161tena arhitektica<\/p>\n\n\n\n<p>2. Maja Kireta, ovla\u0161tena arhitektica<\/p>\n\n\n\n<p>Tajnica natje\u010daja:<\/p>\n\n\n\n<p>1. Dina Horvat, ovla\u0161tena arhitektica<\/p>\n\n\n\n<p>Stru\u010dna savjetnica<\/p>\n\n\n\n<ol class=\"wp-block-list\">\n<li>Sanja Kopjar, ravnateljica JU Priroda Vara\u017edinske \u017eupanije<\/li>\n\n\n\n<li>Nina Ba\u010dun, mag.art., stru\u010dna savjetnica za dizajn<\/li>\n<\/ol>\n\n\n\n<p>Na natje\u010daj koji je trajao od 7.1.2025. do 18.3.2025. pristigla su 4 rada.<\/p>\n\n\n\n<p>Ocjenjiva\u010dki sud je utvrdio da radovi ne zadovoljavaju kriterije postavljene uvjetima natje\u010daja.<\/p>\n\n\n\n<p>Zapisnici sa sjednica sa svim prilozima, podaci o autorima radova i omotnice s natpisom \u201eOSOBA OVLA\u0160TENA ZA PROJEKTIRANJE\u201c , dostavljeni su Povjerenstvu za javnu nabavu koje je utvrdilo su se ostvarili uvjeti za poni\u0161tenje natje\u010daja.<\/p>\n\n\n\n<p>Sva dokumentacija vezana za postupak ocjenjivanja i provjere dokumenata javno je dostupna svim registriranim fizi\u010dkim i pravnim osobama prijavom na Elektroni\u010dki oglasnik javne nabave &#8211; EOJN.<\/p>\n\n\n\n<p><strong>PROCIJENJENA VRIJEDNOST INVESTICIJE:<\/strong><\/p>\n\n\n\n<p>Na temelju izra\u0111ene projektno-tehni\u010dke dokumentacija planirana je provedba postupke nabave radova i robe ukupne najve\u0107e procijenjene vrijednosti investicije u iznosu od <strong>2.180.000,00 Eur+PDV.<\/strong><\/p>\n\n\n\n<p><strong>UKUPNA PROCIJENJENA VRIJEDNOST NABAVE<\/strong><\/p>\n\n\n\n<p>Procijenjena vrijednost javne nabave sukladno \u010dlanku 327. <em>ZJN <\/em>sastoji se od nagradnog fonda, isplata naknada radnim tijelima, izrade projektno-tehni\u010dke dokumentacije te iznosi ukupno <strong>213.179,00 EUR.<\/strong><\/p>\n\n\n\n<p><a><\/a><strong>OSTALI NAVODI:<\/strong><\/p>\n\n\n\n<p>Natje\u010daj se provodi u skladu s glavom II. \u010dlancima 327.-331. <em>Zakona o javnoj nabavi<\/em> (\u201eNarodne novine\u201c broj 120\/2016, 114\/2022 \u2013 dalje u tekstu: ZJN) te ostalim odredbama ZJN koje se primjenjuju na Natje\u010daj te odredbama <em>Pravilnika o natje\u010dajima s podru\u010dja arhitekture, urbanizma, unutarnjeg ure\u0111enja i ure\u0111enja krajobraza<\/em> (NN 85\/14) Hrvatske komore arhitekata&nbsp; \u010dijih su se odredbi svi sudionici natje\u010daja du\u017eni pridr\u017eavati, ako one nisu u suprotnosti sa ZJN-om.<\/p>\n\n\n\n<p>U smislu \u010dlanka 133. ZJN-a provedeni Natje\u010daj bit \u0107e uvjet za pokretanje pregovara\u010dkog postupka bez prethodne objave za dodjelu ugovora o javnoj nabavi usluga. Na sudjelovanje u pregovorima bit \u0107e pozvan pobjednik natje\u010daja odnosno osoba ovla\u0161tena za projektiranje koju predla\u017ee autor prvonagra\u0111enog rada. Idejno rje\u0161enje nagra\u0111enog autora je podloga za izradu projektno tehni\u010dke dokumentacije prema uvjetima natje\u010daja.<\/p>\n\n\n\n<p>Dijelovi uvjeta natje\u010daja prema \u010dl. 37. <em>Pravilnika <\/em>koji nisu navedeni u ovim uvjetima natje\u010daja sastavni su dio <em>Uputa za sudionike<\/em>. Natjecatelj definiran \u010dl. 2. st. 1. <em>Pravilnika <\/em>sukladno <em>ZJN <\/em>smatra se sudionikom natje\u010daja<\/p>\n\n\n\n<p>Ovaj natje\u010daj objavljen je u skladu s odredbama ZJN i odredbama Pravilnika HKA, koje nisu u suprotnosti sa ZJN, a kojih su se svi sudionici obvezni pridr\u017eavati. Za sve ono \u0161to nije regulirano ovom dokumentacijom, primjenjuju se odredbe ZJN.<\/p>\n\n\n\n<p>Za Ocjenjiva\u010dki sud:<\/p>\n\n\n\n<p>Dina Horvat, dipl.ing.arh.<\/p>\n\n\n\n<p>tajnica natje\u010daja <strong>&nbsp;&nbsp;&nbsp;&nbsp;&nbsp;&nbsp;&nbsp;&nbsp;&nbsp;&nbsp;<\/strong><\/p>\n","protected":false},"excerpt":{"rendered":"<p>GRAD VARA\u017dDIN I DRU\u0160TVO ARHITEKATA VARA\u017dDINA objavljuju rezultate za javni, op\u0107i, u jednom stupnju, anonimni, drugog stupnja slo\u017eenosti za realizaciju i anketni URBANISTI\u010cKO &#8211; KRAJOBRAZNO \u2013 ARHITEKTONSKI i LIKOVNI NATJE\u010cAJ za izradu idejnog rje\u0161enja &nbsp;URE\u0110ENJE DIJELOVA DRAVSKE PARK \u0160UME U VARA\u017dDINU CPV: 71200000-0 &#8211; arhitektonske i srodne usluge Oznaka iz Plana nabave raspisiva\u010da natje\u010daja: 203-25\/MV [&hellip;]<\/p>\n","protected":false},"author":1,"featured_media":517,"comment_status":"closed","ping_status":"closed","sticky":false,"template":"","format":"standard","meta":{"footnotes":""},"categories":[4,3],"tags":[],"class_list":["post-516","post","type-post","status-publish","format-standard","has-post-thumbnail","hentry","category-natjecaji","category-novosti"],"_links":{"self":[{"href":"https:\/\/davz.hr\/wordpress\/index.php?rest_route=\/wp\/v2\/posts\/516","targetHints":{"allow":["GET"]}}],"collection":[{"href":"https:\/\/davz.hr\/wordpress\/index.php?rest_route=\/wp\/v2\/posts"}],"about":[{"href":"https:\/\/davz.hr\/wordpress\/index.php?rest_route=\/wp\/v2\/types\/post"}],"author":[{"embeddable":true,"href":"https:\/\/davz.hr\/wordpress\/index.php?rest_route=\/wp\/v2\/users\/1"}],"replies":[{"embeddable":true,"href":"https:\/\/davz.hr\/wordpress\/index.php?rest_route=%2Fwp%2Fv2%2Fcomments&post=516"}],"version-history":[{"count":4,"href":"https:\/\/davz.hr\/wordpress\/index.php?rest_route=\/wp\/v2\/posts\/516\/revisions"}],"predecessor-version":[{"id":526,"href":"https:\/\/davz.hr\/wordpress\/index.php?rest_route=\/wp\/v2\/posts\/516\/revisions\/526"}],"wp:featuredmedia":[{"embeddable":true,"href":"https:\/\/davz.hr\/wordpress\/index.php?rest_route=\/wp\/v2\/media\/517"}],"wp:attachment":[{"href":"https:\/\/davz.hr\/wordpress\/index.php?rest_route=%2Fwp%2Fv2%2Fmedia&parent=516"}],"wp:term":[{"taxonomy":"category","embeddable":true,"href":"https:\/\/davz.hr\/wordpress\/index.php?rest_route=%2Fwp%2Fv2%2Fcategories&post=516"},{"taxonomy":"post_tag","embeddable":true,"href":"https:\/\/davz.hr\/wordpress\/index.php?rest_route=%2Fwp%2Fv2%2Ftags&post=516"}],"curies":[{"name":"wp","href":"https:\/\/api.w.org\/{rel}","templated":true}]}}