{"id":529,"date":"2025-05-14T05:47:20","date_gmt":"2025-05-14T05:47:20","guid":{"rendered":"https:\/\/davz.hr\/wordpress\/?p=529"},"modified":"2025-05-14T05:47:20","modified_gmt":"2025-05-14T05:47:20","slug":"gioskop-izlozba-arhitektura-sjeverne-hrvatske-predavanje-ureda-mikelic-vres-arhitekti","status":"publish","type":"post","link":"https:\/\/davz.hr\/wordpress\/?p=529","title":{"rendered":"GIOskop: Izlo\u017eba \u201eArhitektura Sjeverne Hrvatske\u201c + predavanje ureda Mikeli\u0107 Vre\u0161 Arhitekti"},"content":{"rendered":"\n<p class=\"has-text-align-center has-accent-background-color has-background\">Udru\u017eenje hrvatskih arhitekata (UHA) poziva vas na&nbsp;<strong>otvorenje izlo\u017ebe \u201eArhitektura Sjeverne Hrvatske\u201c<\/strong>, koje \u0107e se odr\u017eati&nbsp;<strong>u srijedu, 14. svibnja 2025., u 13:30 sati u ulaznom holu Arhitektonskog fakulteta u Zagrebu<\/strong>&nbsp;(Ka\u010di\u0107eva 26).<\/p>\n\n\n\n<p>Nakon otvorenja, <strong>program se nastavlja<\/strong>\u00a0<strong>u 14 sati u predavaonici 321a<\/strong>\u00a0(3. kat) s predavanjem o proizvodno-poslovnoj zgradi Dubrov\u010dan, koju \u0107e predstaviti njeni autori\u00a0<strong>MVA \/ Mikeli\u0107 Vre\u0161 Arhitekti<\/strong>. Zgrada je, naime,\u00a0<a href=\"https:\/\/uha.hr\/nominacija-za-nagradu-viktor-kovacic-proizvodno-poslovna-zgrada-dubrovcan\/\">nominirana<\/a>\u00a0za Nagradu \u201eViktor Kova\u010di\u0107\u201c za 2024. godinu te je autorima za isti projekt nedavno\u00a0<a href=\"https:\/\/uha.hr\/proglaseni-dobitnici-nagrade-vladimir-nazor-za-2024-godinu\/\">dodijeljena<\/a>\u00a0i Nagrada \u201eVladimir Nazor\u201c za najbolje umjetni\u010dko ostvarenje u Republici Hrvatskoj za 2024. godinu u podru\u010dju arhitekture i urbanizma.<\/p>\n\n\n\n<p>Predavanje se provodi u okviru izbornog kolegija&nbsp;<strong>Zgrade za rad \u2013 arhitektura slo\u017eenih programa<\/strong>, \u010diji je nositelj dr. sc.&nbsp;<strong>Alan Kostren\u010di\u0107<\/strong>, a osim za studente, predavanje je otvoreno i za sve zainteresirane.<\/p>\n\n\n\n<p>Ovim programom nastavljamo ovogodi\u0161nji<strong>&nbsp;GIOskop<\/strong>, UHA-inu programsku liniju temeljenu na radovima prijavljenima na&nbsp;<em>Godi\u0161nju izlo\u017ebu ostvarenja<\/em>&nbsp;(GIO)&nbsp;i nominiranima za UHA-ine godi\u0161nje nagrade, a koja se nizom diskurzivnih i problemski koncipiranih formata bavi \u0161irim spektrom aktualnih prostornih, strukovnih i dru\u0161tvenih tema.<\/p>\n\n\n\n<p>Doga\u0111anje je realizirano u suradnji s Dru\u0161tvom arhitekata Vara\u017edina (DAV) i Arhitektonskim fakultetom u Zagrebu.<\/p>\n\n\n\n<hr class=\"wp-block-separator has-alpha-channel-opacity\"\/>\n\n\n\n<p><strong>Izlo\u017eba \u201cArhitektura Sjeverne Hrvatske\u201d<\/strong>\u00a0obuhva\u0107a selektirane projekte i realizacije arhitekture i urbanizma, studentske diplomske radove, te izdvojena ba\u0161tinska i arhitektonski afirmirana ostvarenja s podru\u010dja Vara\u017edinske, Me\u0111imurske, Krapinsko-Zagorske, Koprivni\u010dko-kri\u017eeva\u010dke i Bjelovarsko-bilogorske \u017eupanije. Radove je ocjenjivao stru\u010dni \u017eiri u sastavu: Tadej Gla\u017ear, Breda Bizjak i Janja Ivanec, a organizator izlo\u017ebe je Dru\u0161tvo arhitekata Vara\u017edina (DAV), u suradnji s Hrvatskom komorom arhitekata (HKA) i Udru\u017eenjem hrvatskih arhitekata (UHA). Izlo\u017eba je inicijalno bila postavljena u Gradskoj knji\u017enici u Klanjcu, povodom Dana arhitekata 9.0, te u Gradskoj knji\u017enici i \u010ditaonici \u201cMetel O\u017eegovi\u0107\u201d u Vara\u017edinu.<\/p>\n\n\n\n<p class=\"has-text-align-center has-contrast-color has-accent-background-color has-text-color has-background has-link-color wp-elements-383f7942d4d1a5a2d9abb327238b79a3\">Gostovanje izlo\u017ebe \u201eArhitektura Sjeverne Hrvatske\u201c na AF-u u Zagrebu predstavlja njenu tre\u0107u stanicu, a za razgledavanje \u0107e biti otvorena&nbsp;<strong>do petka, 23. svibnja 2025.<\/strong><\/p>\n\n\n\n<p><strong>MVA \/ Mikeli\u0107 Vre\u0161 Arhitekti<\/strong>&nbsp;arhitektonski je ured iz Zagreba koji su 2007. osnovali Marin Mikeli\u0107 i Tomislav Vre\u0161. Ured se bavi projektima razli\u010ditih mjerila i tipologija, u rasponu od individualnog stanovanja i turizma do dru\u0161tvene i javne sfere. Redovito sudjeluju na otvorenim javnim arhitektonskim i urbanisti\u010dkim natje\u010dajima na kojima osvajaju brojne nagrade. Dobitnici su brojnih hrvatskih i me\u0111unarodnih strukovnih nagrada kao \u0161to su: Posebno priznanje Zagreba\u010dkog Salona (2012.), nagrada UHA-e \u201eViktor Kova\u010di\u0107\u201c (2012., nominacije 2014., 2022. i 2025.), nagrada UHA-e \u201eDrago Gali\u0107\u201c (nominacije 2021. i 2022.), Balkanski arhitektonski biennale (2019. i 2021.), Brick Award za jugoisto\u010dnu Europu (2015.) te nominacija za europsku nagradu Mies van der Rohe (2014.) Projekti ureda predstavljani su u brojnim publikacijama i predavanjima te izlagani na izlo\u017ebama u Zagrebu, Milanu, Ljubljani, Beogradu i Novom Sadu.<\/p>\n\n\n\n<div data-wp-interactive=\"core\/file\" class=\"wp-block-file\"><object data-wp-bind--hidden=\"!state.hasPdfPreview\" hidden class=\"wp-block-file__embed\" data=\"https:\/\/davz.hr\/wordpress\/wp-content\/uploads\/2025\/05\/WEB-katalog-ASH.pdf\" type=\"application\/pdf\" style=\"width:100%;height:600px\" aria-label=\"Ugra\u0111eno WEB katalog ASH.\"><\/object><a id=\"wp-block-file--media-15da9ca0-0919-497b-b662-e5ed13d2e6dd\" href=\"https:\/\/davz.hr\/wordpress\/wp-content\/uploads\/2025\/05\/WEB-katalog-ASH.pdf\">WEB katalog ASH<\/a><a href=\"https:\/\/davz.hr\/wordpress\/wp-content\/uploads\/2025\/05\/WEB-katalog-ASH.pdf\" class=\"wp-block-file__button wp-element-button\" download aria-describedby=\"wp-block-file--media-15da9ca0-0919-497b-b662-e5ed13d2e6dd\">Preuzmi<\/a><\/div>\n","protected":false},"excerpt":{"rendered":"<p>Udru\u017eenje hrvatskih arhitekata (UHA) poziva vas na&nbsp;otvorenje izlo\u017ebe \u201eArhitektura Sjeverne Hrvatske\u201c, koje \u0107e se odr\u017eati&nbsp;u srijedu, 14. svibnja 2025., u 13:30 sati u ulaznom holu Arhitektonskog fakulteta u Zagrebu&nbsp;(Ka\u010di\u0107eva 26). Nakon otvorenja, program se nastavlja\u00a0u 14 sati u predavaonici 321a\u00a0(3. kat) s predavanjem o proizvodno-poslovnoj zgradi Dubrov\u010dan, koju \u0107e predstaviti njeni autori\u00a0MVA \/ Mikeli\u0107 Vre\u0161 [&hellip;]<\/p>\n","protected":false},"author":1,"featured_media":531,"comment_status":"closed","ping_status":"","sticky":false,"template":"","format":"standard","meta":{"footnotes":""},"categories":[5,3],"tags":[16,11,12,10,18,24],"class_list":["post-529","post","type-post","status-publish","format-standard","has-post-thumbnail","hentry","category-dogadjanja","category-novosti","tag-dani-arhitekata","tag-dav","tag-drustvo-arhitekata-varazdina","tag-izlozba","tag-udruzenje-hrvatskih-arhitekata","tag-uha"],"_links":{"self":[{"href":"https:\/\/davz.hr\/wordpress\/index.php?rest_route=\/wp\/v2\/posts\/529","targetHints":{"allow":["GET"]}}],"collection":[{"href":"https:\/\/davz.hr\/wordpress\/index.php?rest_route=\/wp\/v2\/posts"}],"about":[{"href":"https:\/\/davz.hr\/wordpress\/index.php?rest_route=\/wp\/v2\/types\/post"}],"author":[{"embeddable":true,"href":"https:\/\/davz.hr\/wordpress\/index.php?rest_route=\/wp\/v2\/users\/1"}],"replies":[{"embeddable":true,"href":"https:\/\/davz.hr\/wordpress\/index.php?rest_route=%2Fwp%2Fv2%2Fcomments&post=529"}],"version-history":[{"count":4,"href":"https:\/\/davz.hr\/wordpress\/index.php?rest_route=\/wp\/v2\/posts\/529\/revisions"}],"predecessor-version":[{"id":536,"href":"https:\/\/davz.hr\/wordpress\/index.php?rest_route=\/wp\/v2\/posts\/529\/revisions\/536"}],"wp:featuredmedia":[{"embeddable":true,"href":"https:\/\/davz.hr\/wordpress\/index.php?rest_route=\/wp\/v2\/media\/531"}],"wp:attachment":[{"href":"https:\/\/davz.hr\/wordpress\/index.php?rest_route=%2Fwp%2Fv2%2Fmedia&parent=529"}],"wp:term":[{"taxonomy":"category","embeddable":true,"href":"https:\/\/davz.hr\/wordpress\/index.php?rest_route=%2Fwp%2Fv2%2Fcategories&post=529"},{"taxonomy":"post_tag","embeddable":true,"href":"https:\/\/davz.hr\/wordpress\/index.php?rest_route=%2Fwp%2Fv2%2Ftags&post=529"}],"curies":[{"name":"wp","href":"https:\/\/api.w.org\/{rel}","templated":true}]}}