{"id":604,"date":"2025-11-08T10:26:36","date_gmt":"2025-11-08T10:26:36","guid":{"rendered":"https:\/\/davz.hr\/wordpress\/?p=604"},"modified":"2025-11-08T10:45:29","modified_gmt":"2025-11-08T10:45:29","slug":"novo-predsjednistvo-dav","status":"publish","type":"post","link":"https:\/\/davz.hr\/wordpress\/?p=604","title":{"rendered":"Novo predsjedni\u0161tvo DAV"},"content":{"rendered":"\n<p><strong>Obilazak dvorca Opeka<\/strong><\/p>\n\n\n\n<p>U subotu 25.10.2025. \u010dlanovi Dru\u0161tva arhitekata Vara\u017edina obi\u0161li su novoobnovljeni dvorac Opeku <strong>u vodstvu<\/strong> voditeljice podru\u010dne slu\u017ebe za konzervatorske poslove dr. sc. <strong>Vesne Pascuttini Juraga<\/strong> te voditeljice zbirki Arheolo\u0161kog odjela Gradskog muzeja Vara\u017edin, kustosice <strong>Mie Ko\u0161\u0107ak<\/strong>, mag. arheologije, koje su nadzirale radove na obnovi te odr\u017eale stru\u010dno predavanje posve\u0107eno arheologiji i obnovi dvorca.<\/p>\n\n\n\n<p>Tijekom obnove odr\u017eana su opse\u017ena arheolo\u0161ka istra\u017eivanja, a <strong>Dvorac Opeka <\/strong>obnovljen je s velikom pa\u017enjom prema konzervatorskim smjernicama i povijesnim detaljima, dobivaju\u0107i novu namjenu sjedi\u0161ta modernog i suvremeno opremljenog Regionalnog centra kompetentnosti u poljoprivredi, sa specijaliziranim u\u010dionicama, laboratorijima, praktikumima i bankom sjemena, a osim obrazovnog i kulturnog karaktera u njemu je smje\u0161ten i U\u010deni\u010dki dom za potrebe Srednje \u0161kole Arboretum Opeka.<\/p>\n\n\n\n<figure class=\"wp-block-gallery has-nested-images columns-default is-cropped wp-block-gallery-1 is-layout-flex wp-block-gallery-is-layout-flex\">\n<figure class=\"wp-block-image size-large\"><img loading=\"lazy\" decoding=\"async\" width=\"1024\" height=\"768\" data-id=\"611\" src=\"https:\/\/davz.hr\/wordpress\/wp-content\/uploads\/2025\/11\/viber_image_2025-11-08_11-01-01-639-1-1024x768.jpg\" alt=\"\" class=\"wp-image-611\" srcset=\"https:\/\/davz.hr\/wordpress\/wp-content\/uploads\/2025\/11\/viber_image_2025-11-08_11-01-01-639-1-1024x768.jpg 1024w, https:\/\/davz.hr\/wordpress\/wp-content\/uploads\/2025\/11\/viber_image_2025-11-08_11-01-01-639-1-300x225.jpg 300w, https:\/\/davz.hr\/wordpress\/wp-content\/uploads\/2025\/11\/viber_image_2025-11-08_11-01-01-639-1-768x576.jpg 768w, https:\/\/davz.hr\/wordpress\/wp-content\/uploads\/2025\/11\/viber_image_2025-11-08_11-01-01-639-1-1536x1152.jpg 1536w, https:\/\/davz.hr\/wordpress\/wp-content\/uploads\/2025\/11\/viber_image_2025-11-08_11-01-01-639-1.jpg 1600w\" sizes=\"auto, (max-width: 1024px) 100vw, 1024px\" \/><\/figure>\n\n\n\n<figure class=\"wp-block-image size-large\"><img loading=\"lazy\" decoding=\"async\" width=\"1024\" height=\"768\" data-id=\"612\" src=\"https:\/\/davz.hr\/wordpress\/wp-content\/uploads\/2025\/11\/viber_image_2025-11-08_11-01-01-778-1-1024x768.jpg\" alt=\"\" class=\"wp-image-612\" srcset=\"https:\/\/davz.hr\/wordpress\/wp-content\/uploads\/2025\/11\/viber_image_2025-11-08_11-01-01-778-1-1024x768.jpg 1024w, https:\/\/davz.hr\/wordpress\/wp-content\/uploads\/2025\/11\/viber_image_2025-11-08_11-01-01-778-1-300x225.jpg 300w, https:\/\/davz.hr\/wordpress\/wp-content\/uploads\/2025\/11\/viber_image_2025-11-08_11-01-01-778-1-768x576.jpg 768w, https:\/\/davz.hr\/wordpress\/wp-content\/uploads\/2025\/11\/viber_image_2025-11-08_11-01-01-778-1-1536x1152.jpg 1536w, https:\/\/davz.hr\/wordpress\/wp-content\/uploads\/2025\/11\/viber_image_2025-11-08_11-01-01-778-1.jpg 1600w\" sizes=\"auto, (max-width: 1024px) 100vw, 1024px\" \/><\/figure>\n<\/figure>\n\n\n\n<figure class=\"wp-block-gallery has-nested-images columns-default is-cropped wp-block-gallery-2 is-layout-flex wp-block-gallery-is-layout-flex\">\n<figure class=\"wp-block-image size-large\"><img loading=\"lazy\" decoding=\"async\" width=\"1024\" height=\"768\" data-id=\"615\" src=\"https:\/\/davz.hr\/wordpress\/wp-content\/uploads\/2025\/11\/viber_image_2025-11-08_11-01-01-838-2-1024x768.jpg\" alt=\"\" class=\"wp-image-615\" srcset=\"https:\/\/davz.hr\/wordpress\/wp-content\/uploads\/2025\/11\/viber_image_2025-11-08_11-01-01-838-2-1024x768.jpg 1024w, https:\/\/davz.hr\/wordpress\/wp-content\/uploads\/2025\/11\/viber_image_2025-11-08_11-01-01-838-2-300x225.jpg 300w, https:\/\/davz.hr\/wordpress\/wp-content\/uploads\/2025\/11\/viber_image_2025-11-08_11-01-01-838-2-768x576.jpg 768w, https:\/\/davz.hr\/wordpress\/wp-content\/uploads\/2025\/11\/viber_image_2025-11-08_11-01-01-838-2-1536x1152.jpg 1536w, https:\/\/davz.hr\/wordpress\/wp-content\/uploads\/2025\/11\/viber_image_2025-11-08_11-01-01-838-2.jpg 1600w\" sizes=\"auto, (max-width: 1024px) 100vw, 1024px\" \/><\/figure>\n\n\n\n<figure class=\"wp-block-image size-large\"><img loading=\"lazy\" decoding=\"async\" width=\"1024\" height=\"768\" data-id=\"616\" src=\"https:\/\/davz.hr\/wordpress\/wp-content\/uploads\/2025\/11\/viber_image_2025-11-08_11-01-50-538-2-1024x768.jpg\" alt=\"\" class=\"wp-image-616\" srcset=\"https:\/\/davz.hr\/wordpress\/wp-content\/uploads\/2025\/11\/viber_image_2025-11-08_11-01-50-538-2-1024x768.jpg 1024w, https:\/\/davz.hr\/wordpress\/wp-content\/uploads\/2025\/11\/viber_image_2025-11-08_11-01-50-538-2-300x225.jpg 300w, https:\/\/davz.hr\/wordpress\/wp-content\/uploads\/2025\/11\/viber_image_2025-11-08_11-01-50-538-2-768x576.jpg 768w, https:\/\/davz.hr\/wordpress\/wp-content\/uploads\/2025\/11\/viber_image_2025-11-08_11-01-50-538-2-1536x1152.jpg 1536w, https:\/\/davz.hr\/wordpress\/wp-content\/uploads\/2025\/11\/viber_image_2025-11-08_11-01-50-538-2.jpg 1600w\" sizes=\"auto, (max-width: 1024px) 100vw, 1024px\" \/><\/figure>\n<\/figure>\n\n\n\n<p><strong>Izborna sjednica Skup\u0161tine DAV 2025 i obilazak dvorca Maru\u0161evca<\/strong><\/p>\n\n\n\n<p>Nakon Opeke, obi\u0161li smo i <strong>dvorac Maru\u0161evec<\/strong>, u kojem je odr\u017eana izborna sjednica Skup\u0161tine DAV, na kojoj je izglasan <strong>novi predsjednik Dru\u0161tva arhitekata Vara\u017edina Duje Kova\u010devi\u0107<\/strong> te Upravni odbor DAV kojem se uz dvije postoje\u0107e \u010dlanice Upravnog odbora Petru Korpar i Valentinu Fi\u0161trek i predsjednika pridru\u017euju <strong>novi dopredsjednik Luka Gotal i tajnik Zdravko \u0160tuljan<\/strong>.<\/p>\n\n\n\n<figure class=\"wp-block-gallery has-nested-images columns-default is-cropped wp-block-gallery-3 is-layout-flex wp-block-gallery-is-layout-flex\">\n<figure class=\"wp-block-image size-large\"><img loading=\"lazy\" decoding=\"async\" width=\"1024\" height=\"768\" data-id=\"617\" src=\"https:\/\/davz.hr\/wordpress\/wp-content\/uploads\/2025\/11\/viber_image_2025-11-08_11-01-01-613-1024x768.jpg\" alt=\"\" class=\"wp-image-617\" srcset=\"https:\/\/davz.hr\/wordpress\/wp-content\/uploads\/2025\/11\/viber_image_2025-11-08_11-01-01-613-1024x768.jpg 1024w, https:\/\/davz.hr\/wordpress\/wp-content\/uploads\/2025\/11\/viber_image_2025-11-08_11-01-01-613-300x225.jpg 300w, https:\/\/davz.hr\/wordpress\/wp-content\/uploads\/2025\/11\/viber_image_2025-11-08_11-01-01-613-768x576.jpg 768w, https:\/\/davz.hr\/wordpress\/wp-content\/uploads\/2025\/11\/viber_image_2025-11-08_11-01-01-613-1536x1152.jpg 1536w, https:\/\/davz.hr\/wordpress\/wp-content\/uploads\/2025\/11\/viber_image_2025-11-08_11-01-01-613.jpg 1600w\" sizes=\"auto, (max-width: 1024px) 100vw, 1024px\" \/><\/figure>\n\n\n\n<figure class=\"wp-block-image size-large\"><img loading=\"lazy\" decoding=\"async\" width=\"1024\" height=\"768\" data-id=\"618\" src=\"https:\/\/davz.hr\/wordpress\/wp-content\/uploads\/2025\/11\/viber_image_2025-11-08_11-01-01-627-1024x768.jpg\" alt=\"\" class=\"wp-image-618\" srcset=\"https:\/\/davz.hr\/wordpress\/wp-content\/uploads\/2025\/11\/viber_image_2025-11-08_11-01-01-627-1024x768.jpg 1024w, https:\/\/davz.hr\/wordpress\/wp-content\/uploads\/2025\/11\/viber_image_2025-11-08_11-01-01-627-300x225.jpg 300w, https:\/\/davz.hr\/wordpress\/wp-content\/uploads\/2025\/11\/viber_image_2025-11-08_11-01-01-627-768x576.jpg 768w, https:\/\/davz.hr\/wordpress\/wp-content\/uploads\/2025\/11\/viber_image_2025-11-08_11-01-01-627-1536x1152.jpg 1536w, https:\/\/davz.hr\/wordpress\/wp-content\/uploads\/2025\/11\/viber_image_2025-11-08_11-01-01-627.jpg 1600w\" sizes=\"auto, (max-width: 1024px) 100vw, 1024px\" \/><\/figure>\n<\/figure>\n","protected":false},"excerpt":{"rendered":"<p>Obilazak dvorca Opeka U subotu 25.10.2025. \u010dlanovi Dru\u0161tva arhitekata Vara\u017edina obi\u0161li su novoobnovljeni dvorac Opeku u vodstvu voditeljice podru\u010dne slu\u017ebe za konzervatorske poslove dr. sc. Vesne Pascuttini Juraga te voditeljice zbirki Arheolo\u0161kog odjela Gradskog muzeja Vara\u017edin, kustosice Mie Ko\u0161\u0107ak, mag. arheologije, koje su nadzirale radove na obnovi te odr\u017eale stru\u010dno predavanje posve\u0107eno arheologiji i obnovi [&hellip;]<\/p>\n","protected":false},"author":1,"featured_media":605,"comment_status":"closed","ping_status":"","sticky":false,"template":"","format":"standard","meta":{"footnotes":""},"categories":[5,3],"tags":[],"class_list":["post-604","post","type-post","status-publish","format-standard","has-post-thumbnail","hentry","category-dogadjanja","category-novosti"],"_links":{"self":[{"href":"https:\/\/davz.hr\/wordpress\/index.php?rest_route=\/wp\/v2\/posts\/604","targetHints":{"allow":["GET"]}}],"collection":[{"href":"https:\/\/davz.hr\/wordpress\/index.php?rest_route=\/wp\/v2\/posts"}],"about":[{"href":"https:\/\/davz.hr\/wordpress\/index.php?rest_route=\/wp\/v2\/types\/post"}],"author":[{"embeddable":true,"href":"https:\/\/davz.hr\/wordpress\/index.php?rest_route=\/wp\/v2\/users\/1"}],"replies":[{"embeddable":true,"href":"https:\/\/davz.hr\/wordpress\/index.php?rest_route=%2Fwp%2Fv2%2Fcomments&post=604"}],"version-history":[{"count":4,"href":"https:\/\/davz.hr\/wordpress\/index.php?rest_route=\/wp\/v2\/posts\/604\/revisions"}],"predecessor-version":[{"id":627,"href":"https:\/\/davz.hr\/wordpress\/index.php?rest_route=\/wp\/v2\/posts\/604\/revisions\/627"}],"wp:featuredmedia":[{"embeddable":true,"href":"https:\/\/davz.hr\/wordpress\/index.php?rest_route=\/wp\/v2\/media\/605"}],"wp:attachment":[{"href":"https:\/\/davz.hr\/wordpress\/index.php?rest_route=%2Fwp%2Fv2%2Fmedia&parent=604"}],"wp:term":[{"taxonomy":"category","embeddable":true,"href":"https:\/\/davz.hr\/wordpress\/index.php?rest_route=%2Fwp%2Fv2%2Fcategories&post=604"},{"taxonomy":"post_tag","embeddable":true,"href":"https:\/\/davz.hr\/wordpress\/index.php?rest_route=%2Fwp%2Fv2%2Ftags&post=604"}],"curies":[{"name":"wp","href":"https:\/\/api.w.org\/{rel}","templated":true}]}}